[{"@context":"https:\/\/schema.org\/","@type":"Article","@id":"https:\/\/www.eosbn.cz\/vznik-a-sireni-islamu\/#Article","mainEntityOfPage":"https:\/\/www.eosbn.cz\/vznik-a-sireni-islamu\/","headline":"Vznik a \u0161\u00ed\u0159en\u00ed isl\u00e1mu","name":"Vznik a \u0161\u00ed\u0159en\u00ed isl\u00e1mu","description":"Isl\u00e1m je jedn\u00edm z&nbsp;nejroz\u0161\u00ed\u0159en\u011bj\u0161\u00edch n\u00e1bo\u017eenstv\u00ed na sv\u011bt\u011b. Jeho vliv na \u017eivot obyvatel je zna\u010dn\u00fd. Stejn\u011b jako u jin\u00fdch sm\u011br\u016f ovliv\u0148uje ka\u017edodenn\u00ed \u017eivot lid\u00ed, jejich zp\u016fsob my\u0161len\u00ed, naz\u00edr\u00e1n\u00ed na sv\u011bt jako takov\u00fd. Proto je samoz\u0159ejm\u011b nejd\u016fle\u017eit\u011bj\u0161\u00edm determinantem kultury t\u011bch st\u00e1t\u016f, je\u017e jej vyzn\u00e1vaj\u00ed. Kde a kdy se poprv\u00e9 objevil? M\u00edstem vzniku je Arabsk\u00fd poloostrov. Nen\u00ed divu, [&hellip;]","datePublished":"2018-07-21","dateModified":"2023-05-05","author":{"@type":"Person","@id":"https:\/\/www.eosbn.cz\/author\/#Person","name":"eosbn.cz\n","url":"https:\/\/www.eosbn.cz\/author\/","identifier":1,"image":{"@type":"ImageObject","@id":"https:\/\/secure.gravatar.com\/avatar\/9cac53ffad5d6e0659d72eaf216400c165f8fbf396c79017c66698a8aa5be23d?s=96&d=mm&r=g","url":"https:\/\/secure.gravatar.com\/avatar\/9cac53ffad5d6e0659d72eaf216400c165f8fbf396c79017c66698a8aa5be23d?s=96&d=mm&r=g","height":96,"width":96}},"publisher":{"@type":"Organization","name":"eosbn.cz","logo":{"@type":"ImageObject","@id":"\/logo.png","url":"\/logo.png","width":600,"height":60}},"image":{"@type":"ImageObject","@id":"https:\/\/eosbn.cz\/wp-content\/uploads\/img_a349000_w2338_t1563719311.jpg","url":"https:\/\/eosbn.cz\/wp-content\/uploads\/img_a349000_w2338_t1563719311.jpg","height":"","width":""},"url":"https:\/\/www.eosbn.cz\/vznik-a-sireni-islamu\/","about":["Neza\u0159azen\u00e9"],"wordCount":504,"articleBody":"Isl\u00e1m je jedn\u00edm z&nbsp;nejroz\u0161\u00ed\u0159en\u011bj\u0161\u00edch n\u00e1bo\u017eenstv\u00ed na sv\u011bt\u011b. Jeho vliv na \u017eivot obyvatel je zna\u010dn\u00fd. Stejn\u011b jako u jin\u00fdch sm\u011br\u016f ovliv\u0148uje ka\u017edodenn\u00ed \u017eivot lid\u00ed, jejich zp\u016fsob my\u0161len\u00ed, naz\u00edr\u00e1n\u00ed na sv\u011bt jako takov\u00fd. Proto je samoz\u0159ejm\u011b nejd\u016fle\u017eit\u011bj\u0161\u00edm determinantem kultury t\u011bch st\u00e1t\u016f, je\u017e jej vyzn\u00e1vaj\u00ed. Kde a kdy se poprv\u00e9 objevil?M\u00edstem vzniku je Arabsk\u00fd poloostrov. Nen\u00ed divu, v\u017edy\u0165 oblast Bl\u00edzk\u00e9ho v\u00fdchodu je &bdquo;rodi\u0161t\u011bm&ldquo; i dal\u0161\u00edch velk\u00fdch sm\u011br\u016f &ndash; k\u0159es\u0165anstv\u00ed a judaismu. Ran\u00e9 f\u00e1ze rozvoje jsou spjaty s&nbsp;prorokem Mohammedem. Jedn\u00e1 se o skute\u010dn\u011b \u017eij\u00edc\u00ed postavu d\u011bjin. Narodil se&nbsp;ve m\u011bst\u011b Mekka kolem roku 571 na\u0161eho letopo\u010dtu. Potomek obchodn\u00edka poch\u00e1zel ze z\u00e1mo\u017en\u00fdch pom\u011br\u016f. Podle kor\u00e1nu m\u011bl prvn\u00ed duchovn\u00ed zjeven\u00ed v&nbsp;roce 610. Od tohoto roku za\u010dal formovat sv\u00e9 u\u010den\u00ed. Po asi t\u0159ech letech jej cht\u011bl p\u0159edat lidu, nicm\u00e9n\u011b v&nbsp;Mekce se mu dostalo odm\u00edtnut\u00ed. P\u0159esto\u017ee m\u011bl ji\u017e dostatek stoupenc\u016f, m\u00edstn\u00ed elity jej pova\u017eovaly za riziko pro syst\u00e9m, a tak byl pron\u00e1sledov\u00e1n.Tento \u00fatlak vyvrcholil v&nbsp;roce 622, kdy byl vyhn\u00e1n do Med\u00edny. Tato ud\u00e1lost je ozna\u010dov\u00e1na jako Hid\u017era. V&nbsp;Med\u00edn\u011b posiloval svou pozici a roku 630 se rozhodl vr\u00e1tit do Mekky, nejprve jako poutn\u00edk. Po sporech, kter\u00e9 neumo\u017enily vykonat tuto poklidnou pou\u0165, seskupil kolem sebe ohromnou vojenskou s\u00edlu. S&nbsp;desetitis\u00edcovou arm\u00e1dou stoupenc\u016f vyt\u00e1hl. Obr\u00e1nci se vzdali bez boje. Isl\u00e1m se tak stal legitimn\u00edm n\u00e1bo\u017eenstv\u00edm.T\u00edmto \u010dinem si v&nbsp;Ar\u00e1bii z\u00edskal silnou pozici. D\u00edky tomu se mu v\u011bt\u0161ina oblasti podrobila a konvertovala. Roku 632 um\u00edr\u00e1.Tento letopo\u010det se stal okam\u017eikem isl\u00e1msk\u00e9 expanze. Vojensky si b\u011bhem asi 300 let podrobili rozs\u00e1hl\u00e1 \u00fazem\u00ed severn\u00ed Afriky a dokonce Pyrenejsk\u00e9ho poloostrova. Z\u00e1rove\u0148 ovl\u00e1dli bl\u00edzk\u00fd v\u00fdchod a zna\u010dnou \u010d\u00e1st persk\u00e9 Asie. \u0160\u00ed\u0159en\u00ed isl\u00e1mu v\u00e1le\u010dnou cestou je ozna\u010dov\u00e1nu jako D\u017eih\u00e1d &ndash; boj proti nev\u011b\u0159\u00edc\u00edm. Na dobyt\u00fdch \u00fazem\u00edch byli obyvatel\u00e9 nuceni konvertovat, emigrovat \u010di p\u0159ijmout ekonomick\u00e9 sankce. Ve st\u0159edov\u011bku se muslimov\u00e9 dostali do jihov\u00fdchodn\u00ed Evropy. Osmansk\u00e1 \u0159\u00ed\u0161e se zde dr\u017eela a\u017e do prvn\u00ed sv\u011btov\u00e9 v\u00e1lky.V&nbsp;sou\u010dasnosti tvo\u0159\u00ed muslimov\u00e9 zna\u010dn\u00e9 \u010d\u00e1sti populace z\u00e1padoevropsk\u00fdch m\u011bst. M\u016f\u017ee za to p\u0159edev\u0161\u00edm migra\u010dn\u00ed vlny z&nbsp;Afriky v&nbsp;sedmdes\u00e1t\u00fdch letech a nyn\u00ed. Komunity se tak\u00e9 vyzna\u010duj\u00ed zna\u010dn\u00fdm popula\u010dn\u00edm p\u0159\u00edr\u016fstkem. D\u00edky tomu existuj\u00ed ve Francii \u010di Velk\u00e9 Brit\u00e1nii oblasti, kde ji\u017e tvo\u0159\u00ed v\u011bt\u0161inu.&nbsp;                                                                                                                                                                                                                                                                                                                                                                                        4.4\/5 - (5 votes)        "},{"@context":"https:\/\/schema.org\/","@type":"BreadcrumbList","itemListElement":[{"@type":"ListItem","position":1,"name":"Vznik a \u0161\u00ed\u0159en\u00ed isl\u00e1mu","item":"https:\/\/www.eosbn.cz\/vznik-a-sireni-islamu\/#breadcrumbitem"}]}]