[{"@context":"https:\/\/schema.org\/","@type":"Article","@id":"https:\/\/www.eosbn.cz\/chci-montaz-terasy\/#Article","mainEntityOfPage":"https:\/\/www.eosbn.cz\/chci-montaz-terasy\/","headline":"Chci mont\u00e1\u017e terasy","name":"Chci mont\u00e1\u017e terasy","description":"Ka\u017ed\u00fd \u010cech je alespo\u0148 z \u010d\u00e1sti srdcem kutil, ob\u010das je ale fajn p\u0159izvat k pr\u00e1ci odborn\u00edky, o to v\u00edce p\u0159i stavb\u011b nov\u00e9 terasy. \u010c\u00e1sti va\u0161\u00ed zahrady, kter\u00e1 s v\u00e1mi vydr\u017e\u00ed t\u00e9m\u011b\u0159 cel\u00fd \u017eivot. \u017divot pln\u00fd kr\u00e1sn\u00fdch okam\u017eik\u016f s p\u0159\u00e1teli p\u0159i letn\u00edch grilova\u010dk\u00e1ch, anebo s d\u011btmi, kter\u00e9 si na terase dosti vyhraj\u00ed. Relaxace v klidu je [&hellip;]","datePublished":"2021-12-13","dateModified":"2023-05-05","author":{"@type":"Person","@id":"https:\/\/www.eosbn.cz\/author\/#Person","name":"eosbn.cz\n","url":"https:\/\/www.eosbn.cz\/author\/","identifier":1,"image":{"@type":"ImageObject","@id":"https:\/\/secure.gravatar.com\/avatar\/9cac53ffad5d6e0659d72eaf216400c165f8fbf396c79017c66698a8aa5be23d?s=96&d=mm&r=g","url":"https:\/\/secure.gravatar.com\/avatar\/9cac53ffad5d6e0659d72eaf216400c165f8fbf396c79017c66698a8aa5be23d?s=96&d=mm&r=g","height":96,"width":96}},"publisher":{"@type":"Organization","name":"eosbn.cz","logo":{"@type":"ImageObject","@id":"\/logo.png","url":"\/logo.png","width":600,"height":60}},"image":{"@type":"ImageObject","@id":"https:\/\/www.eosbn.cz\/wp-content\/uploads\/montaz.jpg","url":"https:\/\/www.eosbn.cz\/wp-content\/uploads\/montaz.jpg","height":0,"width":0},"url":"https:\/\/www.eosbn.cz\/chci-montaz-terasy\/","about":["Produkty"],"wordCount":388,"articleBody":"    Ka\u017ed\u00fd \u010cech je alespo\u0148 z \u010d\u00e1sti srdcem kutil, ob\u010das je ale fajn p\u0159izvat k pr\u00e1ci odborn\u00edky, o to v\u00edce p\u0159i stavb\u011b nov\u00e9 terasy. \u010c\u00e1sti va\u0161\u00ed zahrady, kter\u00e1 s v\u00e1mi vydr\u017e\u00ed t\u00e9m\u011b\u0159 cel\u00fd \u017eivot. \u017divot pln\u00fd kr\u00e1sn\u00fdch okam\u017eik\u016f s p\u0159\u00e1teli p\u0159i letn\u00edch grilova\u010dk\u00e1ch, anebo s d\u011btmi, kter\u00e9 si na terase dosti vyhraj\u00ed. Relaxace v klidu je na n\u00ed tak\u00e9 zaru\u010den\u00e1.Pokud se tedy chyst\u00e1te do stavby vysn\u011bn\u00e9 terasy, obra\u0165te se na mistry sv\u00e9ho \u0159emesla na chci mont\u00e1\u017e terasy. Spole\u010dnost Gardina je na \u010desk\u00e9m trhu od roku 2008, ji\u017e 14 let tedy d\u011bl\u00e1 radost nespo\u010dtu rodin. Nab\u00edz\u00ed jak kompletn\u00ed mont\u00e1\u017e terasy, kterou vyu\u017eije kdokoli, komu nezb\u00fdv\u00e1 moc voln\u00e9ho \u010dasu a po pr\u00e1ci si r\u00e1d odpo\u010dine. Ale tak\u00e9 telefonickou konzultaci pro ty, co ve voln\u00e9m \u010dase r\u00e1di zvelebuj\u00ed okol\u00ed sv\u00e9ho domu. Specialist\u00e9 porad\u00ed s v\u00fdb\u011brem materi\u00e1lu i s tipy, jak celou mont\u00e1\u017e prov\u00e9st bezpe\u010dn\u011b a s dosa\u017een\u00edm k\u00fd\u017een\u00e9ho v\u00fdsledku.Na ka\u017edou terasu se vztahuje z\u00e1ru\u010dn\u00ed doba dvou let. K inspiraci v\u00e1m zajist\u00e9 pom\u016f\u017ee magaz\u00edn, kter\u00fd je voln\u011b p\u0159\u00edstupn\u00fd na webov\u00fdch str\u00e1nk\u00e1ch. Porad\u00ed v\u00e1m, jak a z \u010deho terasu vyrobit, jak\u00e9 zvolit vruty, kdy je ten nejide\u00e1ln\u011bj\u0161\u00ed \u010das pro v\u00fdstavbu terasy i na co si p\u0159i stavb\u011b d\u00e1vat pozor.Instagramov\u00fd \u00fa\u010det pak nab\u00edz\u00ed spoustu p\u0159\u00edsp\u011bvk\u016f s ji\u017e hotov\u00fdmi terasami, inspiraci na\u010derp\u00e1te t\u00e9m\u011b\u0159 ihned. Investice do kvalitn\u00edho materi\u00e1lu se vyplat\u00ed. Terasa je prvek, kter\u00fd nest\u00e1rne, proto je dobr\u00e9 k pravideln\u00e9mu udr\u017eov\u00e1n\u00ed p\u0159idat i v\u00fd\u017eivu pro d\u0159evo. Stejn\u011b dobr\u00e1 je i investice do mont\u00e1\u017en\u00edch slu\u017eeb. Zam\u011bstnanci s dlouholetou prax\u00ed v\u011bd\u00ed, co a jak a jejich zku\u0161enosti dopom\u00e1haj\u00ed ke skv\u011bl\u00e9mu v\u00fdsledn\u00e9mu vzhledu va\u0161\u00ed terasy, ale tak\u00e9 k jej\u00ed bezpe\u010dnosti a dlouholetosti. Zav\u00edtejte proto na str\u00e1nky spole\u010dnosti Gardina, na\u010derpejte co nejv\u00edce informac\u00ed a s chut\u00ed se pus\u0165te do stavby terasy, kter\u00e1 va\u0161i zahradu pozdvihne na mnohem vy\u0161\u0161\u00ed \u00farove\u0148.                                                                                                                                                                                                                                                                                                                                                                                         3.3\/5 - (3 votes)        "},{"@context":"https:\/\/schema.org\/","@type":"BreadcrumbList","itemListElement":[{"@type":"ListItem","position":1,"name":"Chci mont\u00e1\u017e terasy","item":"https:\/\/www.eosbn.cz\/chci-montaz-terasy\/#breadcrumbitem"}]}]